[{"@context":"https:\/\/schema.org\/","@type":"Article","@id":"https:\/\/www.laichman.cz\/ve-spolecnosti-je-potreba-se-nejak-chovat\/#Article","mainEntityOfPage":"https:\/\/www.laichman.cz\/ve-spolecnosti-je-potreba-se-nejak-chovat\/","headline":"Ve spole\u010dnosti je pot\u0159eba se n\u011bjak chovat","name":"Ve spole\u010dnosti je pot\u0159eba se n\u011bjak chovat","description":"Je v\u00edce ne\u017e d\u016fle\u017eit\u00e9 myslet na sv\u00e9 chov\u00e1n\u00ed. Jsou lid\u00e9, kte\u0159\u00ed se nechovaj\u00ed slu\u0161n\u011b a pot\u00e9 to dopad\u00e1 tak, \u017ee s nimi nikdo nic nechce m\u00edt, proto\u017ee se dan\u00fd \u010dlov\u011bk neum\u00ed chovat a d\u011bl\u00e1 v\u011bci, kter\u00e9 se dan\u00e9mu \u010dlov\u011bku nel\u00edb\u00ed.\u00a0Bohu\u017eel zejm\u00e9na mlad\u00ed lid\u00e9 maj\u00ed probl\u00e9m se sv\u00fdm chov\u00e1n\u00edm. Jsou v\u011bci, za kter\u00e9 m\u016f\u017ee puberta, ale [&hellip;]","datePublished":"2022-06-07","dateModified":"2023-05-03","author":{"@type":"Person","@id":"https:\/\/www.laichman.cz\/author\/#Person","name":"","url":"https:\/\/www.laichman.cz\/author\/","identifier":1,"image":{"@type":"ImageObject","@id":"https:\/\/secure.gravatar.com\/avatar\/f677d652d46d6437b40497bee38030612d53a3103b24904f519be33cae485306?s=96&d=mm&r=g","url":"https:\/\/secure.gravatar.com\/avatar\/f677d652d46d6437b40497bee38030612d53a3103b24904f519be33cae485306?s=96&d=mm&r=g","height":96,"width":96}},"publisher":{"@type":"Organization","name":"laichman.cz","logo":{"@type":"ImageObject","@id":"\/logo.png","url":"\/logo.png","width":600,"height":60}},"image":{"@type":"ImageObject","@id":"https:\/\/www.laichman.cz\/wp-content\/uploads\/%C4%8Dlov%C4%9B.PNG","url":"https:\/\/www.laichman.cz\/wp-content\/uploads\/%C4%8Dlov%C4%9B.PNG","height":0,"width":0},"url":"https:\/\/www.laichman.cz\/ve-spolecnosti-je-potreba-se-nejak-chovat\/","about":["Spole\u010dnost"],"wordCount":476,"articleBody":"Je v\u00edce ne\u017e d\u016fle\u017eit\u00e9 myslet na sv\u00e9 chov\u00e1n\u00ed. Jsou lid\u00e9, kte\u0159\u00ed se nechovaj\u00ed slu\u0161n\u011b a pot\u00e9 to dopad\u00e1 tak, \u017ee s nimi nikdo nic nechce m\u00edt, proto\u017ee se dan\u00fd \u010dlov\u011bk neum\u00ed chovat a d\u011bl\u00e1 v\u011bci, kter\u00e9 se dan\u00e9mu \u010dlov\u011bku nel\u00edb\u00ed.\u00a0Bohu\u017eel zejm\u00e9na mlad\u00ed lid\u00e9 maj\u00ed probl\u00e9m se sv\u00fdm chov\u00e1n\u00edm. Jsou v\u011bci, za kter\u00e9 m\u016f\u017ee puberta, ale jsou i v\u011bci, za kter\u00e9 nem\u016f\u017ee.\u00a0Myslete na to, \u017ee v ka\u017ed\u00e9 spole\u010dnosti je pot\u0159eba se chovat co nejslu\u0161n\u011bji, aby se nestalo, \u017ee v\u00e1s spole\u010dnost vylou\u010d\u00ed ze sv\u00e9ho kruhu, proto\u017ee bude n\u011bco \u0161patn\u011b.\u00a0Mnoho lid\u00ed si mnohdy ani neuv\u011bdomuje, \u017ee se nechovaj\u00ed tak, jak by bylo pot\u0159eba. Zjist\u00ed to a\u017e tehdy, pokud jim to n\u011bkdo \u0159ekne.N\u011bkte\u0159\u00ed lid\u00e9 jsou schopni se nad sebou zamyslet a \u0159\u00edct si, \u017ee asi opravdu n\u011bco d\u011blali \u0161patn\u011b a mohlo to danou spole\u010dnost pohor\u0161it. M\u016f\u017ee klidn\u011b doj\u00edt k tomu, \u017ee se dan\u00e9 spole\u010dnosti \u010dlov\u011bk omluv\u00ed, ale pokud si v dan\u00e9 spole\u010dnosti n\u011bkdo ud\u011bl\u00e1 k dan\u00e9mu \u010dlov\u011bku odpor, rozhodn\u011b to dan\u00fd \u010dlov\u011bk nebude m\u00edt tak snadn\u00e9, aby se v\u0161e zase urovnalo.Bohu\u017eel se st\u00e1v\u00e1 a to i v rodin\u00e1ch, \u017ee je nap\u0159\u00edklad v dan\u00e9 rodin\u011b n\u011bkdo, kdo nen\u00ed p\u0159\u00edli\u0161 obl\u00edben\u00fd a v\u0161ichni si jej dob\u00edraj\u00ed nebo se po n\u011bm voz\u00ed. M\u016f\u017ee to b\u00fdt pr\u00e1v\u011b t\u00edm, \u017ee se dan\u00fd \u010dlov\u011bk nechov\u00e1 tak, jak by se chovat m\u011bl a i p\u0159esto, \u017ee se omluv\u00ed, bude se k n\u011bmu dan\u00e1 spole\u010dnost chovat st\u00e1le stejn\u011b.Ur\u010dit\u011b nen\u00ed nic p\u0159\u00edjemn\u00e9ho, kdy\u017e si \u010dlov\u011bka dob\u00edr\u00e1 jeho vlastn\u00ed rodina. Dob\u0159e to nep\u016fsob\u00ed jak na okol\u00ed, tak i na samotn\u00e9ho \u010dlov\u011bka. Dan\u00fd \u010dlov\u011bk m\u016f\u017ee m\u00edt z n\u011b\u010deho takov\u00e9ho klidn\u011b psychick\u00e9 probl\u00e9my o kter\u00fdch dan\u00e1 rodina nev\u00ed a m\u016f\u017ee se s nimi l\u00e9\u010dit.\u00a0Nen\u00ed vhodn\u00e9 si n\u011bkoho dob\u00edrat a to a\u0165 u\u017e je to \u010dlen rodiny nebo n\u011bkdo jin\u00fd. Pokud se v\u00e1m nel\u00edb\u00ed chov\u00e1n\u00ed dan\u00e9ho \u010dlov\u011bka, zajd\u011bte za n\u00edm a \u0159ekn\u011bte mu to. Ud\u011bl\u00e1te mnohem l\u00e9pe, ne\u017e kdy\u017e budete dan\u00e9ho \u010dlov\u011bka pomlouvat v\u0161ude, kde p\u016fjdete.\u00a0Ka\u017ed\u00fd \u010dlov\u011bk se n\u011bjak chov\u00e1 a pokud se n\u011bkomu nel\u00edb\u00ed, jak se dan\u00fd \u010dlov\u011bk chov\u00e1 a to a\u0165 u\u017e k n\u011bmu nebo k okol\u00ed, m\u011bl by to dan\u00e9mu \u010dlov\u011bku \u0159\u00edct, aby to vzal na v\u011bdom\u00ed a uv\u011bdomil si to.                                                                                                                                                                                                                                                                                                                                                                                                "},{"@context":"https:\/\/schema.org\/","@type":"BreadcrumbList","itemListElement":[{"@type":"ListItem","position":1,"name":"Ve spole\u010dnosti je pot\u0159eba se n\u011bjak chovat","item":"https:\/\/www.laichman.cz\/ve-spolecnosti-je-potreba-se-nejak-chovat\/#breadcrumbitem"}]}]