[{"@context":"https:\/\/schema.org\/","@type":"Article","@id":"https:\/\/www.laichman.cz\/proc-nemaji-antigenni-testy-prodej-vice-regulovany\/#Article","mainEntityOfPage":"https:\/\/www.laichman.cz\/proc-nemaji-antigenni-testy-prodej-vice-regulovany\/","headline":"Pro\u010d nemaj\u00ed antigenn\u00ed testy prodej v\u00edce regulovan\u00fd","name":"Pro\u010d nemaj\u00ed antigenn\u00ed testy prodej v\u00edce regulovan\u00fd","description":"A\u010dkoliv se m\u016f\u017ee na prvn\u00ed pohled zd\u00e1t, \u017ee epidemie koronaviru ji\u017e tak\u0159ka pominula, nen\u00ed to tak docela pravda. Pouze se dost\u00e1v\u00e1me do stadia, kdy si ji\u017e lid\u00e9 vytvo\u0159ili n\u011bjakou imunitu a virus tedy nen\u00ed tolik infek\u010dn\u00ed. To ostatn\u011b vid\u00edme i z relativn\u011b n\u00edzk\u00e9ho po\u010dtu naka\u017een\u00fdch. Rozhodn\u011b to v\u0161ak neznamen\u00e1, \u017ee se nem\u016f\u017ee objevit n\u011bjak\u00e1 nov\u00e1, [&hellip;]","datePublished":"2022-10-15","dateModified":"2022-10-15","author":{"@type":"Person","@id":"https:\/\/www.laichman.cz\/author\/#Person","name":"","url":"https:\/\/www.laichman.cz\/author\/","identifier":1,"image":{"@type":"ImageObject","@id":"https:\/\/secure.gravatar.com\/avatar\/f677d652d46d6437b40497bee38030612d53a3103b24904f519be33cae485306?s=96&d=mm&r=g","url":"https:\/\/secure.gravatar.com\/avatar\/f677d652d46d6437b40497bee38030612d53a3103b24904f519be33cae485306?s=96&d=mm&r=g","height":96,"width":96}},"publisher":{"@type":"Organization","name":"laichman.cz","logo":{"@type":"ImageObject","@id":"\/logo.png","url":"\/logo.png","width":600,"height":60}},"image":{"@type":"ImageObject","@id":"https:\/\/www.laichman.cz\/wp-content\/uploads\/covidtest2_2.jpg","url":"https:\/\/www.laichman.cz\/wp-content\/uploads\/covidtest2_2.jpg","height":0,"width":0},"url":"https:\/\/www.laichman.cz\/proc-nemaji-antigenni-testy-prodej-vice-regulovany\/","about":["N\u00e1kupy"],"wordCount":438,"articleBody":" A\u010dkoliv se m\u016f\u017ee na prvn\u00ed pohled zd\u00e1t, \u017ee epidemie koronaviru ji\u017e tak\u0159ka pominula, nen\u00ed to tak docela pravda. Pouze se dost\u00e1v\u00e1me do stadia, kdy si ji\u017e lid\u00e9 vytvo\u0159ili n\u011bjakou imunitu a virus tedy nen\u00ed tolik infek\u010dn\u00ed. To ostatn\u011b vid\u00edme i z relativn\u011b n\u00edzk\u00e9ho po\u010dtu naka\u017een\u00fdch. Rozhodn\u011b to v\u0161ak neznamen\u00e1, \u017ee se nem\u016f\u017ee objevit n\u011bjak\u00e1 nov\u00e1, naka\u017eliv\u011bj\u0161\u00ed varianta tak, jak jsme to pozorovali u Omikronu. Rozhodn\u011b se tedy st\u00e1le vyplat\u00ed, aby se lid\u00e9, kte\u0159\u00ed maj\u00ed p\u0159\u00edznaky, na p\u0159\u00edtomnost t\u00e9to nemoci testovali.Tyto testy mohou b\u00fdt antigenn\u00ed nebo PCR. Ty druh\u00e9 jsou p\u0159esn\u011bj\u0161\u00ed, av\u0161ak ty prvn\u00ed jsou levn\u011bj\u0161\u00ed a se\u017eenete je v l\u00e9k\u00e1rn\u011b. Zde v\u0161ak nast\u00e1v\u00e1 probl\u00e9m. Lid\u00e9 si st\u011b\u017euj\u00ed, \u017ee jsou p\u0159\u00edli\u0161 drah\u00e9, a je pravda, \u017ee jejich cena stoupla. Volaj\u00ed tedy po tom, aby m\u011bly antigenn\u00ed testy prodej covidexpert.cz regulovan\u00fd, alespo\u0148 pokud se t\u00fd\u010de ceny. Tento po\u017eadavek se zd\u00e1 na prvn\u00ed pohled rozumn\u00fd, zvl\u00e1\u0161t\u011b pokud si chceme udr\u017eet p\u0159ehled o tom, jak\u00fd je u n\u00e1s p\u0159esn\u00fd v\u00fdvoj nemoci. Probl\u00e9m je v\u0161ak v tom, \u017ee zastropov\u00e1n\u00ed ceny by zde mohlo m\u00edt i ne\u010dekan\u00e9 a hlavn\u011b nep\u011bkn\u00e9 d\u016fsledky.T\u00edm hlavn\u00edm je fakt, \u017ee by se distributor\u016fm ji\u017e nemuselo vyplatit je vyr\u00e1b\u011bt. D\u00edky tomu by jich mohl b\u00fdt na trhu nedostatek. Byly by tedy sice cenov\u011b dostupn\u00e9, av\u0161ak nebylo by je mo\u017en\u00e9 sehnat. Vl\u00e1da by samoz\u0159ejm\u011b mohla t\u011bmto firm\u00e1m u\u0161l\u00fd zisk uhrazovat, av\u0161ak vzhledem k tomu, jak\u00fd m\u00e1me schodek st\u00e1tn\u00edho rozpo\u010dtu, to nen\u00ed p\u0159\u00edli\u0161 pravd\u011bpodobn\u00e9. To jsou tak\u00e9 d\u016fvody, pro\u010d vl\u00e1da k tomuto kroku nep\u0159istoup\u00ed. Je sice mo\u017en\u00e9, \u017ee se n\u00e1m tento p\u0159\u00edstup vymst\u00ed, zvl\u00e1\u0161t\u011b s p\u0159ich\u00e1zej\u00edc\u00edm chladn\u00fdm a sychrav\u00fdm po\u010das\u00edm, kter\u00e9 je pro rozvoj respira\u010dn\u00edch onemocn\u011bn\u00ed ide\u00e1ln\u00ed, av\u0161ak v sou\u010dasn\u00e9 dob\u011b nen\u00ed velk\u00fd d\u016fvod k tomu n\u011bco m\u011bnit.P\u0159edpokl\u00e1d\u00e1 se v\u0161ak, \u017ee zdra\u017eov\u00e1n\u00ed bude d\u00e1le pokra\u010dovat. Novou vlnu zvy\u0161ov\u00e1n\u00ed cen \u010dek\u00e1me po Nov\u00e9m roce. Je tedy dobr\u00e9 se na to p\u0159ipravit a rad\u011bji si tyto testy nakoupit, pokud si mysl\u00edme, \u017ee je budeme pot\u0159ebovat. Pak je toti\u017e s nejv\u011bt\u0161\u00ed pravd\u011bpodobnost\u00ed budeme kupovat mnohem dr\u00e1\u017e.                                                                                                                                                                                                                                                                                                                                                                                                 "},{"@context":"https:\/\/schema.org\/","@type":"BreadcrumbList","itemListElement":[{"@type":"ListItem","position":1,"name":"Pro\u010d nemaj\u00ed antigenn\u00ed testy prodej v\u00edce regulovan\u00fd","item":"https:\/\/www.laichman.cz\/proc-nemaji-antigenni-testy-prodej-vice-regulovany\/#breadcrumbitem"}]}]