[{"@context":"https:\/\/schema.org\/","@type":"Article","@id":"https:\/\/www.laichman.cz\/kdo-za-vas-umyje-okna\/#Article","mainEntityOfPage":"https:\/\/www.laichman.cz\/kdo-za-vas-umyje-okna\/","headline":"Kdo za v\u00e1s umyje okna","name":"Kdo za v\u00e1s umyje okna","description":"Um\u00fdv\u00e1n\u00ed oken je velmi sv\u00e9r\u00e1zn\u00e1 \u00faklidov\u00e1 \u010dinnost a ka\u017ed\u00fd z n\u00e1s k n\u00ed p\u0159istupuje jinak. Mohli bychom podle toho rozd\u011blit populaci na n\u011bkolik d\u00edl\u010d\u00edch \u010d\u00e1st\u00ed. Do t\u00e9 prvn\u00ed pat\u0159\u00ed ti, co nesn\u00e1\u0161\u00ed \u0161p\u00ednu na oknech a sami se aktivn\u011b vrhaj\u00ed do myt\u00ed v pom\u011brn\u011b pravideln\u00fdch intervalech. Nav\u00edc je to bav\u00ed a pr\u00e1ci si u\u017e\u00edvaj\u00ed, proto\u017ee [&hellip;]","datePublished":"2022-12-26","dateModified":"2023-05-03","author":{"@type":"Person","@id":"https:\/\/www.laichman.cz\/author\/#Person","name":"","url":"https:\/\/www.laichman.cz\/author\/","identifier":1,"image":{"@type":"ImageObject","@id":"https:\/\/secure.gravatar.com\/avatar\/f677d652d46d6437b40497bee38030612d53a3103b24904f519be33cae485306?s=96&d=mm&r=g","url":"https:\/\/secure.gravatar.com\/avatar\/f677d652d46d6437b40497bee38030612d53a3103b24904f519be33cae485306?s=96&d=mm&r=g","height":96,"width":96}},"publisher":{"@type":"Organization","name":"laichman.cz","logo":{"@type":"ImageObject","@id":"\/logo.png","url":"\/logo.png","width":600,"height":60}},"image":{"@type":"ImageObject","@id":"https:\/\/laichman.cz\/wp-content\/uploads\/building-cleaner-g6f4883576_640.jpg","url":"https:\/\/laichman.cz\/wp-content\/uploads\/building-cleaner-g6f4883576_640.jpg","height":"","width":""},"url":"https:\/\/www.laichman.cz\/kdo-za-vas-umyje-okna\/","about":["Byznys"],"wordCount":466,"articleBody":"   Um\u00fdv\u00e1n\u00ed oken je velmi sv\u00e9r\u00e1zn\u00e1 \u00faklidov\u00e1 \u010dinnost a ka\u017ed\u00fd z n\u00e1s k n\u00ed p\u0159istupuje jinak. Mohli bychom podle toho rozd\u011blit populaci na n\u011bkolik d\u00edl\u010d\u00edch \u010d\u00e1st\u00ed. Do t\u00e9 prvn\u00ed pat\u0159\u00ed ti, co nesn\u00e1\u0161\u00ed \u0161p\u00ednu na oknech a sami se aktivn\u011b vrhaj\u00ed do myt\u00ed v pom\u011brn\u011b pravideln\u00fdch intervalech. Nav\u00edc je to bav\u00ed a pr\u00e1ci si u\u017e\u00edvaj\u00ed, proto\u017ee na to maj\u00ed sv\u016fj grif, jsou \u0161ikovn\u00ed, zdatn\u00ed a obratn\u00ed a pr\u00e1ce jim jde od ruky.Do druh\u00e9 skupiny pat\u0159\u00ed ti, jim tak\u00e9 vad\u00ed \u0161p\u00edna na oknech, ale nemaj\u00ed s e k tomu okna um\u00fdvat pravideln\u011b z nejr\u016fzn\u011bj\u0161\u00edch d\u016fvod\u016f \u2013 zdravotn\u00edch, \u010dasov\u00fdch \u010di jin\u00fdch osobn\u00edch. A v t\u0159et\u00ed skupin\u011b jsou ignoranti, kter\u00e9 st\u011b\u017e\u00ed p\u0159esv\u011bd\u010d\u00edte o tom, \u017ee by si okna m\u011bli um\u00fdt. Nepova\u017euj\u00ed je za n\u011bco d\u016fle\u017eit\u00e9ho, co by se m\u011blo \u0159e\u0161it.My bychom se r\u00e1di nyn\u00ed zam\u011b\u0159ili na druhou skupinu. Ta b\u00fdv\u00e1 nejpo\u010detn\u011bj\u0161\u00ed a jsou to lid\u00e9, kte\u0159\u00ed necht\u011bj\u00ed \u010di nemohou okna um\u00fdvat sv\u00e9pomoc\u00ed. Jedn\u00edm z d\u016fvod\u016f, pro\u010d to nejde, je i z\u00e1vra\u0165 anebo alespo\u0148 podivn\u00fd pocit p\u0159i pohybu na \u0161tafl\u00edch \u010di na \u017eidli. Tito jedinci se obvykle zdr\u00e1haj\u00ed vystoupat na \u0161tafle a riskovat \u017eivot, co\u017e plat\u00ed hlavn\u011b pro bytov\u00e9 domy, resp. byty ve vy\u0161\u0161\u00edch patrech. V takov\u00e9m p\u0159\u00edpad\u011b je v\u00fdhodn\u011bj\u0161\u00ed po\u017e\u00e1dat \u00faklidov\u00e9 firmy v Pardubic\u00edch mvcleaningservices.cz o pomoc, t\u00edm v\u00e1m odpadnou n\u00e1sleduj\u00edc\u00ed hrozby:Podklouznut\u00ed \u2013 n\u011bkte\u0159\u00ed lid\u00e9 zbyte\u010dn\u011b riskuj\u00ed a vstupuj\u00ed na \u017eidle \u010di na \u0161tafle v dom\u00e1c\u00ed obuvi nebo v pono\u017ek\u00e1ch. Pokud v\u00e1m v\u0161ak noha na povrchu \u017eidle podklouzne, m\u016f\u017ee to skon\u010dit p\u00e1dem z okna. Mnohem bezpe\u010dn\u011bj\u0161\u00ed je um\u00fdvat okna naboso, ale v zim\u011b u otev\u0159en\u00e9ho okna to nen\u00ed nic p\u0159\u00edjemn\u00e9ho.Z\u00e1vra\u0165 \u2013 mo\u017en\u00e1 to o sob\u011b ani nev\u00edte, ale m\u016f\u017ee se st\u00e1t, \u017ee se v\u00e1m p\u0159i n\u00e1hodn\u00e9m pohledu dol\u016f zato\u010d\u00ed hlava. U v\u011bt\u0161\u00edch v\u00fd\u0161ek je to docela b\u011b\u017en\u00fd jev, a jste-li zrovna v pozici, \u017ee se nem\u00e1te \u010deho zachytit, m\u016f\u017eete z okna snadno vypadnout.Ne\u0161ikovn\u00fd pohyb \u2013 profesion\u00e1lov\u00e9 dob\u0159e v\u00ed, jak si p\u0159i myt\u00ed oken po\u010d\u00ednat, ale amat\u00e9\u0159i mohou ud\u011blat \u0159adu chyb. Sta\u010d\u00ed n\u011bkolik nevhodn\u00fdch pohyb\u016f, ztr\u00e1ta rovnov\u00e1hy \u010di \u0161patn\u011b rozlo\u017een\u00e9 \u0161tafle a u\u017e let\u00edte ze \u0161est\u00e9ho patra dol\u016f. A v\u011bzte, \u017ee dole na v\u00e1s nebudou p\u0159ipraveni hasi\u010di se z\u00e1chrannou plachtou.                                                                                                                                                                                                                                                                                                                                                                                                  "},{"@context":"https:\/\/schema.org\/","@type":"BreadcrumbList","itemListElement":[{"@type":"ListItem","position":1,"name":"Kdo za v\u00e1s umyje okna","item":"https:\/\/www.laichman.cz\/kdo-za-vas-umyje-okna\/#breadcrumbitem"}]}]