[{"@context":"https:\/\/schema.org\/","@type":"Article","@id":"https:\/\/www.laichman.cz\/k-cemu-slouzi-virtualni-sidlo-ostrava\/#Article","mainEntityOfPage":"https:\/\/www.laichman.cz\/k-cemu-slouzi-virtualni-sidlo-ostrava\/","headline":"K \u010demu slou\u017e\u00ed virtu\u00e1ln\u00ed s\u00eddlo Ostrava","name":"K \u010demu slou\u017e\u00ed virtu\u00e1ln\u00ed s\u00eddlo Ostrava","description":"Jedn\u00edm ze z\u00e1kladn\u00edch po\u017eadavk\u016f, kter\u00e9 z\u00e1kon stanov\u00ed ka\u017ed\u00e9 firm\u011b, je povinnost m\u00edt n\u011bjak\u00e9 fyzick\u00e9 s\u00eddlo. To mus\u00ed m\u00edt existuj\u00edc\u00ed adresu a b\u00fdt skute\u010dn\u011b ve vlastnictv\u00ed \u010di pron\u00e1jmu dan\u00e9 firmy. To samoz\u0159ejm\u011b nen\u00ed probl\u00e9m pro velk\u00e9 koncerny, av\u0161ak co mal\u00ed podnikatel\u00e9? S rozvojem obchodov\u00e1n\u00ed p\u0159es internet se najdou i lid\u00e9, kte\u0159\u00ed \u017e\u00e1dn\u00e9 ofici\u00e1ln\u00ed prostory nemaj\u00ed, nebo\u0165 [&hellip;]","datePublished":"2022-10-15","dateModified":"2023-05-18","author":{"@type":"Person","@id":"https:\/\/www.laichman.cz\/author\/#Person","name":"","url":"https:\/\/www.laichman.cz\/author\/","identifier":1,"image":{"@type":"ImageObject","@id":"https:\/\/secure.gravatar.com\/avatar\/f677d652d46d6437b40497bee38030612d53a3103b24904f519be33cae485306?s=96&d=mm&r=g","url":"https:\/\/secure.gravatar.com\/avatar\/f677d652d46d6437b40497bee38030612d53a3103b24904f519be33cae485306?s=96&d=mm&r=g","height":96,"width":96}},"publisher":{"@type":"Organization","name":"laichman.cz","logo":{"@type":"ImageObject","@id":"\/logo.png","url":"\/logo.png","width":600,"height":60}},"image":{"@type":"ImageObject","@id":"https:\/\/www.laichman.cz\/wp-content\/uploads\/sidlofirmy1_4.jpg","url":"https:\/\/www.laichman.cz\/wp-content\/uploads\/sidlofirmy1_4.jpg","height":0,"width":0},"url":"https:\/\/www.laichman.cz\/k-cemu-slouzi-virtualni-sidlo-ostrava\/","about":["Byznys"],"wordCount":142,"articleBody":"   Jedn\u00edm ze z\u00e1kladn\u00edch po\u017eadavk\u016f, kter\u00e9 z\u00e1kon stanov\u00ed ka\u017ed\u00e9 firm\u011b, je povinnost m\u00edt n\u011bjak\u00e9 fyzick\u00e9 s\u00eddlo. To mus\u00ed m\u00edt existuj\u00edc\u00ed adresu a b\u00fdt skute\u010dn\u011b ve vlastnictv\u00ed \u010di pron\u00e1jmu dan\u00e9 firmy. To samoz\u0159ejm\u011b nen\u00ed probl\u00e9m pro velk\u00e9 koncerny, av\u0161ak co mal\u00ed podnikatel\u00e9?S rozvojem obchodov\u00e1n\u00ed p\u0159es internet se najdou i lid\u00e9, kte\u0159\u00ed \u017e\u00e1dn\u00e9 ofici\u00e1ln\u00ed prostory nemaj\u00ed, nebo\u0165 sv\u00e9 podnik\u00e1n\u00ed provozuj\u00ed prakticky ze sv\u00e9ho ob\u00fdvac\u00edho pokoje. Na druhou stranu zase necht\u011bj\u00ed m\u00edt svou dom\u00e1c\u00ed adresu uvedenu jako firemn\u00ed, nehled\u011b na to, \u017ee ji z pochopiteln\u00fdch d\u016fvod\u016f necht\u011bj\u00ed d\u00e1vat v\u0161em sv\u00fdm z\u00e1kazn\u00edk\u016fm.Tento probl\u00e9m m\u016f\u017ee vy\u0159e\u0161it virtu\u00e1ln\u00ed s\u00eddlo, nap\u0159\u00edklad virtu\u00e1ln\u00ed s\u00eddlo  "},{"@context":"https:\/\/schema.org\/","@type":"BreadcrumbList","itemListElement":[{"@type":"ListItem","position":1,"name":"K \u010demu slou\u017e\u00ed virtu\u00e1ln\u00ed s\u00eddlo Ostrava","item":"https:\/\/www.laichman.cz\/k-cemu-slouzi-virtualni-sidlo-ostrava\/#breadcrumbitem"}]}]