[{"@context":"https:\/\/schema.org\/","@type":"Article","@id":"https:\/\/www.laichman.cz\/jak-si-uzit-prazdniny-naplno\/#Article","mainEntityOfPage":"https:\/\/www.laichman.cz\/jak-si-uzit-prazdniny-naplno\/","headline":"Jak si u\u017e\u00edt pr\u00e1zdniny naplno?","name":"Jak si u\u017e\u00edt pr\u00e1zdniny naplno?","description":"Je tu l\u00e9to a Vy se jist\u011b rozhodujete, kam vyrazit na dovolenou. Dovedeme si p\u0159edstavit, jak je to n\u00e1ro\u010dn\u00fd \u00fakol &#8211; mus\u00edte zva\u017eovat spoustu krit\u00e9ri\u00ed, mezi kter\u00e9 pat\u0159\u00ed nap\u0159\u00edklad cena, atraktivita lokality a podobn\u011b. Pro\u010d to ale jednou neud\u011blat jinak? Pro leto\u0161n\u00ed pr\u00e1zdniny V\u00e1m doporu\u010dujeme destinaci, kter\u00e1 V\u00e1s vyjde na m\u00e1lo pen\u011bz, zato ale V\u00e1m [&hellip;]","datePublished":"2025-08-28","dateModified":"2025-08-28","author":{"@type":"Person","@id":"https:\/\/www.laichman.cz\/author\/#Person","name":"","url":"https:\/\/www.laichman.cz\/author\/","identifier":1,"image":{"@type":"ImageObject","@id":"https:\/\/secure.gravatar.com\/avatar\/f677d652d46d6437b40497bee38030612d53a3103b24904f519be33cae485306?s=96&d=mm&r=g","url":"https:\/\/secure.gravatar.com\/avatar\/f677d652d46d6437b40497bee38030612d53a3103b24904f519be33cae485306?s=96&d=mm&r=g","height":96,"width":96}},"publisher":{"@type":"Organization","name":"laichman.cz","logo":{"@type":"ImageObject","@id":"\/logo.png","url":"\/logo.png","width":600,"height":60}},"url":"https:\/\/www.laichman.cz\/jak-si-uzit-prazdniny-naplno\/","wordCount":170,"articleBody":" Je tu l\u00e9to a Vy se jist\u011b rozhodujete, kam vyrazit na dovolenou. Dovedeme si p\u0159edstavit, jak je to n\u00e1ro\u010dn\u00fd \u00fakol &#8211; mus\u00edte zva\u017eovat spoustu krit\u00e9ri\u00ed, mezi kter\u00e9 pat\u0159\u00ed nap\u0159\u00edklad cena, atraktivita lokality a podobn\u011b. Pro\u010d to ale jednou neud\u011blat jinak? Pro leto\u0161n\u00ed pr\u00e1zdniny V\u00e1m doporu\u010dujeme destinaci, kter\u00e1 V\u00e1s vyjde na m\u00e1lo pen\u011bz, zato ale V\u00e1m i Va\u0161\u00ed rodin\u011b p\u0159inese \u0159adu nezapomenuteln\u00fdch z\u00e1\u017eitk\u016f, na kter\u00e9 budete vzpom\u00ednat je\u0161t\u011b dlouho \u2013 Chorvatsko. U\u017e \u017e\u00e1dn\u00e9 starosti s dovolenou M\u016f\u017eete si d\u011blat hlavu s \u0159adou v\u011bc\u00ed, dovolen\u00e1 mezi n\u011b ale nepat\u0159\u00ed. Vyberte si ze \u0161irok\u00e9 nab\u00eddky na\u0161ich pobytov\u00fdch z\u00e1jezd\u016f a t\u011b\u0161te se na pr\u00e1zdniny, kter\u00e9 budou rozhodn\u011b st\u00e1t za to! Hrav\u011b V\u00e1m pom\u016f\u017eeme s ubytov\u00e1n\u00edm v Chorvatsku a Vy tak nebudete muset \u0159e\u0161it zbyte\u010dn\u00e9 formality, kter\u00e9 by V\u00e1m br\u00e1nily v u\u017eit\u00ed si Va\u0161\u00ed dovolen\u00e9 naplno.                                                                                                                                                                                                                                                                                                                                                                                                "},{"@context":"https:\/\/schema.org\/","@type":"BreadcrumbList","itemListElement":[{"@type":"ListItem","position":1,"name":"Jak si u\u017e\u00edt pr\u00e1zdniny naplno?","item":"https:\/\/www.laichman.cz\/jak-si-uzit-prazdniny-naplno\/#breadcrumbitem"}]}]